{"id":2079,"date":"2024-08-29T05:56:00","date_gmt":"2024-08-29T03:56:00","guid":{"rendered":"https:\/\/agb83-photo.com\/blog\/?p=2079"},"modified":"2024-09-30T17:45:52","modified_gmt":"2024-09-30T15:45:52","slug":"eblouissant-soleil","status":"publish","type":"post","link":"https:\/\/agb83-photo.com\/blog\/2024\/08\/29\/eblouissant-soleil\/","title":{"rendered":"Soleil \u00e9blouissant &amp; 2\u00a0selfies"},"content":{"rendered":"<div class=\"wp-block-post-author\"><div class=\"wp-block-post-author__avatar\"><img loading=\"lazy\" decoding=\"async\" src=\"https:\/\/secure.gravatar.com\/avatar\/ab8161592cf40992d9fb73f879067667dc8f9b12f51f1872a251aa80026026e1?s=48&#038;d=identicon&#038;r=g\" width=\"48\" height=\"48\" alt=\"Avatar\" class=\"avatar avatar-48 wp-user-avatar wp-user-avatar-48 photo avatar-default\" title=\"\"><\/div><div class=\"wp-block-post-author__content\"><p class=\"wp-block-post-author__byline\">\u23f1\ufe0f <a href=\"https:\/\/agb83-photo.com\/blog\/2024\/02\/23\/asoke\/\">Temps<\/a> de lecture\u00a0: 5\u00a0min<\/p><p class=\"wp-block-post-author__name\">Alain<\/p><\/div><\/div>\n\n\n<h4 class=\"wp-block-heading\" id=\"soleil-\u0e14\u0e27\u0e07\u0e2d\u0e32\u0e17\u0e34\u0e15\u0e22\u0e4c-dounhatit\">Soleil \u0e14\u0e27\u0e07\u0e2d\u0e32\u0e17\u0e34\u0e15\u0e22\u0e4c <em>(dounhatit)<\/em><\/h4>\n\n\n\n<div class=\"wp-block-rank-math-toc-block\" id=\"rank-math-toc\"><nav><ul><li class=\"\"><a href=\"#poesie\">Po\u00e9sie<\/a><\/li><li class=\"\"><a href=\"#le-selfie\">Le selfie<\/a><ul><li class=\"\"><a href=\"#pour-qui-pourquoi-pour-quoi\">Pour qui, pourquoi, pour quoi\u2009?<\/a><\/li><li class=\"\"><a href=\"#narcissisme-ou-quete-dauthenticite\">Narcissisme ou qu\u00eate d\u2019authenticit\u00e9\u2009?<\/a><\/li><li class=\"\"><a href=\"#une-mode-passagere-ou-une-nouvelle-habitude\">Une mode passag\u00e8re ou une nouvelle habitude\u2009?<\/a><\/li><li class=\"\"><a href=\"#expression-de-soi-ou-creation\">Expression de soi ou cr\u00e9ation\u2009?<\/a><\/li><li class=\"\"><a href=\"#les-filtres-entre-embellissement-et-risques\">Les filtres\u00a0: entre embellissement et risques<\/a><\/li><li class=\"\"><a href=\"#quand-les-mots-ne-suffisent-plus\">Quand les mots ne suffisent plus<\/a><\/li><li class=\"\"><a href=\"#un-nouveau-langage-visuel\">Un nouveau langage visuel<\/a><\/li><li class=\"\"><a href=\"#ou-quand-comment\">O\u00f9, quand, comment\u2009?<\/a><\/li><li class=\"\"><a href=\"#un-phenomene-mondial\">Un ph\u00e9nom\u00e8ne mondial<\/a><\/li><\/ul><\/li><\/ul><\/nav><\/div>\n\n\n\n<figure class=\"wp-block-image aligncenter size-large\"><img loading=\"lazy\" decoding=\"async\" width=\"683\" height=\"1024\" src=\"https:\/\/agb83-photo.com\/blog\/wp-content\/uploads\/2024\/08\/IPH_5868_20-12-2022-683x1024.jpg\" alt=\"Des \u00e9pis de riz presque m\u00fbrs se balancent dans le soleil couchant, il se d\u00e9tachent sur le fond de ciel bleu avec quelques nuages dor\u00e9s.\" class=\"wp-image-2085\" title=\"\" srcset=\"https:\/\/agb83-photo.com\/blog\/wp-content\/uploads\/2024\/08\/IPH_5868_20-12-2022-683x1024.jpg 683w, https:\/\/agb83-photo.com\/blog\/wp-content\/uploads\/2024\/08\/IPH_5868_20-12-2022-200x300.jpg 200w, https:\/\/agb83-photo.com\/blog\/wp-content\/uploads\/2024\/08\/IPH_5868_20-12-2022-768x1152.jpg 768w, https:\/\/agb83-photo.com\/blog\/wp-content\/uploads\/2024\/08\/IPH_5868_20-12-2022-230x345.jpg 230w, https:\/\/agb83-photo.com\/blog\/wp-content\/uploads\/2024\/08\/IPH_5868_20-12-2022-350x525.jpg 350w, https:\/\/agb83-photo.com\/blog\/wp-content\/uploads\/2024\/08\/IPH_5868_20-12-2022-480x720.jpg 480w, https:\/\/agb83-photo.com\/blog\/wp-content\/uploads\/2024\/08\/IPH_5868_20-12-2022.jpg 800w\" sizes=\"auto, (max-width: 683px) 100vw, 683px\" \/><\/figure>\n\n\n\n<h4 class=\"wp-block-heading\" id=\"poesie\">Po\u00e9sie<\/h4>\n\n\n\n<p class=\"has-text-align-center\">Quel divin cr\u00e9ateur<br>Dans son atelier des hauteurs<br>Pourrait, d\u2019un trait enchanteur,<br>Peindre ce chef-d\u2019\u0153uvre de splendeur\u2009?<br>L\u2019ange, gardien discret<br>De ce tableau <a href=\"https:\/\/agb83-photo.com\/blog\/2025\/06\/20\/mystere-a-phayao\/\">secret<\/a><br>D\u00e9voile un monde parfait<\/p>\n\n\n\n<figure class=\"wp-block-image aligncenter size-large\"><img loading=\"lazy\" decoding=\"async\" width=\"1024\" height=\"684\" src=\"https:\/\/agb83-photo.com\/blog\/wp-content\/uploads\/2024\/07\/AGB_0041_09-12-2022-1-1024x684.avif\" alt=\"Bouddha dans le coucher de soleil\" class=\"wp-image-1601\" title=\"\" srcset=\"https:\/\/agb83-photo.com\/blog\/wp-content\/uploads\/2024\/07\/AGB_0041_09-12-2022-1-1024x684.avif 1024w, https:\/\/agb83-photo.com\/blog\/wp-content\/uploads\/2024\/07\/AGB_0041_09-12-2022-1-300x200.avif 300w, https:\/\/agb83-photo.com\/blog\/wp-content\/uploads\/2024\/07\/AGB_0041_09-12-2022-1-768x513.avif 768w, https:\/\/agb83-photo.com\/blog\/wp-content\/uploads\/2024\/07\/AGB_0041_09-12-2022-1-1000x668.avif 1000w, https:\/\/agb83-photo.com\/blog\/wp-content\/uploads\/2024\/07\/AGB_0041_09-12-2022-1-230x154.avif 230w, https:\/\/agb83-photo.com\/blog\/wp-content\/uploads\/2024\/07\/AGB_0041_09-12-2022-1-350x234.avif 350w, https:\/\/agb83-photo.com\/blog\/wp-content\/uploads\/2024\/07\/AGB_0041_09-12-2022-1-480x320.avif 480w, https:\/\/agb83-photo.com\/blog\/wp-content\/uploads\/2024\/07\/AGB_0041_09-12-2022-1-jpg.avif 1200w\" sizes=\"auto, (max-width: 1024px) 100vw, 1024px\" \/><\/figure>\n\n\n\n<figure class=\"wp-block-image aligncenter size-large\"><img loading=\"lazy\" decoding=\"async\" width=\"1024\" height=\"683\" src=\"https:\/\/agb83-photo.com\/blog\/wp-content\/uploads\/2024\/08\/IPH_6215_30-12-2022-2-1024x683.jpg\" alt=\"Un enfant a oubli\u00e9 son masque bleu sur les rochers. Un premier plan parfait qui compose une diagonale montante avec le soleil qui se couche au bord de la mer. Une pause longue pour une touche po\u00e9tique.\" class=\"wp-image-2088\" title=\"\" srcset=\"https:\/\/agb83-photo.com\/blog\/wp-content\/uploads\/2024\/08\/IPH_6215_30-12-2022-2-1024x683.jpg 1024w, https:\/\/agb83-photo.com\/blog\/wp-content\/uploads\/2024\/08\/IPH_6215_30-12-2022-2-300x200.jpg 300w, https:\/\/agb83-photo.com\/blog\/wp-content\/uploads\/2024\/08\/IPH_6215_30-12-2022-2-768x512.jpg 768w, https:\/\/agb83-photo.com\/blog\/wp-content\/uploads\/2024\/08\/IPH_6215_30-12-2022-2-1000x667.jpg 1000w, https:\/\/agb83-photo.com\/blog\/wp-content\/uploads\/2024\/08\/IPH_6215_30-12-2022-2-230x153.jpg 230w, https:\/\/agb83-photo.com\/blog\/wp-content\/uploads\/2024\/08\/IPH_6215_30-12-2022-2-350x233.jpg 350w, https:\/\/agb83-photo.com\/blog\/wp-content\/uploads\/2024\/08\/IPH_6215_30-12-2022-2-480x320.jpg 480w, https:\/\/agb83-photo.com\/blog\/wp-content\/uploads\/2024\/08\/IPH_6215_30-12-2022-2.jpg 1200w\" sizes=\"auto, (max-width: 1024px) 100vw, 1024px\" \/><\/figure>\n\n\n\n<figure class=\"wp-block-image size-large\"><img loading=\"lazy\" decoding=\"async\" width=\"1600\" height=\"1067\" src=\"https:\/\/agb83-photo.com\/blog\/wp-content\/uploads\/2024\/08\/image.jpeg\" alt=\"Une pause longue du bord de mer au coucher de soleil. En bas \u00e0 droite, quelques rochers affleurent la surface, \u00e0 l\u2019oppos\u00e9 en haut sur un promontoire, une toute petite silhouette se d\u00e9tache sur l\u2019horizon flamboyant.\" class=\"wp-image-2322\" title=\"\" srcset=\"https:\/\/agb83-photo.com\/blog\/wp-content\/uploads\/2024\/08\/image.jpeg 1600w, https:\/\/agb83-photo.com\/blog\/wp-content\/uploads\/2024\/08\/image-300x200.jpeg 300w, https:\/\/agb83-photo.com\/blog\/wp-content\/uploads\/2024\/08\/image-1024x683.jpeg 1024w, https:\/\/agb83-photo.com\/blog\/wp-content\/uploads\/2024\/08\/image-768x512.jpeg 768w, https:\/\/agb83-photo.com\/blog\/wp-content\/uploads\/2024\/08\/image-1536x1024.jpeg 1536w, https:\/\/agb83-photo.com\/blog\/wp-content\/uploads\/2024\/08\/image-1000x667.jpeg 1000w, https:\/\/agb83-photo.com\/blog\/wp-content\/uploads\/2024\/08\/image-230x153.jpeg 230w, https:\/\/agb83-photo.com\/blog\/wp-content\/uploads\/2024\/08\/image-350x233.jpeg 350w, https:\/\/agb83-photo.com\/blog\/wp-content\/uploads\/2024\/08\/image-480x320.jpeg 480w\" sizes=\"auto, (max-width: 1600px) 100vw, 1600px\" \/><\/figure>\n\n\n\n<figure class=\"wp-block-image aligncenter size-large\"><img loading=\"lazy\" decoding=\"async\" width=\"1024\" height=\"683\" src=\"https:\/\/agb83-photo.com\/blog\/wp-content\/uploads\/2024\/08\/IPH_6234_30-12-2022-1024x683.jpg\" alt=\"Sur un ciel flamboyant, mon \u00e9pouse m\u00e9dite assise sur les rochers au bord de la mer d&#039;Andaman.\" class=\"wp-image-2090\" title=\"\" srcset=\"https:\/\/agb83-photo.com\/blog\/wp-content\/uploads\/2024\/08\/IPH_6234_30-12-2022-1024x683.jpg 1024w, https:\/\/agb83-photo.com\/blog\/wp-content\/uploads\/2024\/08\/IPH_6234_30-12-2022-300x200.jpg 300w, https:\/\/agb83-photo.com\/blog\/wp-content\/uploads\/2024\/08\/IPH_6234_30-12-2022-768x512.jpg 768w, https:\/\/agb83-photo.com\/blog\/wp-content\/uploads\/2024\/08\/IPH_6234_30-12-2022-1000x667.jpg 1000w, https:\/\/agb83-photo.com\/blog\/wp-content\/uploads\/2024\/08\/IPH_6234_30-12-2022-230x153.jpg 230w, https:\/\/agb83-photo.com\/blog\/wp-content\/uploads\/2024\/08\/IPH_6234_30-12-2022-350x233.jpg 350w, https:\/\/agb83-photo.com\/blog\/wp-content\/uploads\/2024\/08\/IPH_6234_30-12-2022-480x320.jpg 480w, https:\/\/agb83-photo.com\/blog\/wp-content\/uploads\/2024\/08\/IPH_6234_30-12-2022.jpg 1200w\" sizes=\"auto, (max-width: 1024px) 100vw, 1024px\" \/><\/figure>\n\n\n\n<figure class=\"wp-block-image aligncenter size-large\"><img loading=\"lazy\" decoding=\"async\" width=\"1024\" height=\"683\" src=\"https:\/\/agb83-photo.com\/blog\/wp-content\/uploads\/2024\/08\/IPH_6227_30-12-2022-1024x683.jpg\" alt=\"Sc\u00e8ne de bord de mer et soleil couchant, sur la droite, la colline trempe ses pieds dans l&#039;eau de la mer d&#039;Andaman, elle se d\u00e9tache en ombre chinoise. Une lumi\u00e8re bleut\u00e9e, perce la zone sombre, une cabane de p\u00eacheur.\" class=\"wp-image-2091\" title=\"\" srcset=\"https:\/\/agb83-photo.com\/blog\/wp-content\/uploads\/2024\/08\/IPH_6227_30-12-2022-1024x683.jpg 1024w, https:\/\/agb83-photo.com\/blog\/wp-content\/uploads\/2024\/08\/IPH_6227_30-12-2022-300x200.jpg 300w, https:\/\/agb83-photo.com\/blog\/wp-content\/uploads\/2024\/08\/IPH_6227_30-12-2022-768x512.jpg 768w, https:\/\/agb83-photo.com\/blog\/wp-content\/uploads\/2024\/08\/IPH_6227_30-12-2022-1000x667.jpg 1000w, https:\/\/agb83-photo.com\/blog\/wp-content\/uploads\/2024\/08\/IPH_6227_30-12-2022-230x153.jpg 230w, https:\/\/agb83-photo.com\/blog\/wp-content\/uploads\/2024\/08\/IPH_6227_30-12-2022-350x233.jpg 350w, https:\/\/agb83-photo.com\/blog\/wp-content\/uploads\/2024\/08\/IPH_6227_30-12-2022-480x320.jpg 480w, https:\/\/agb83-photo.com\/blog\/wp-content\/uploads\/2024\/08\/IPH_6227_30-12-2022.jpg 1200w\" sizes=\"auto, (max-width: 1024px) 100vw, 1024px\" \/><\/figure>\n\n\n\n<p class=\"has-text-align-center\">Cr\u00e9puscule <a href=\"https:\/\/agb83-photo.com\/blog\/2025\/06\/06\/inoubliable-phayao-autrement\/\">dor\u00e9<\/a><br>Espoirs en sommeil lov\u00e9s<br>Promesses de se retrouver<br>La nuit cr\u00e9e la <a href=\"https:\/\/agb83-photo.com\/blog\/2025\/08\/01\/experience-en-moto-lampang\/\">lumi\u00e8re<\/a><br>La nuit nos \u00e2mes s\u2019\u00e9clairent<br>Dans la lumi\u00e8re stellaire<\/p>\n\n\n\n<figure class=\"wp-block-image aligncenter size-large\"><img loading=\"lazy\" decoding=\"async\" width=\"683\" height=\"1024\" src=\"https:\/\/agb83-photo.com\/blog\/wp-content\/uploads\/2024\/08\/IPH_5945_22-12-2022-683x1024.jpg\" alt=\"Vue sur la mer d&#039;en haut, les cabanes de p\u00eacheur flottent dans une lumi\u00e8re \u00e9blouissante de fins de journ\u00e9e.\" class=\"wp-image-2093\" title=\"\" srcset=\"https:\/\/agb83-photo.com\/blog\/wp-content\/uploads\/2024\/08\/IPH_5945_22-12-2022-683x1024.jpg 683w, https:\/\/agb83-photo.com\/blog\/wp-content\/uploads\/2024\/08\/IPH_5945_22-12-2022-200x300.jpg 200w, https:\/\/agb83-photo.com\/blog\/wp-content\/uploads\/2024\/08\/IPH_5945_22-12-2022-768x1152.jpg 768w, https:\/\/agb83-photo.com\/blog\/wp-content\/uploads\/2024\/08\/IPH_5945_22-12-2022-230x345.jpg 230w, https:\/\/agb83-photo.com\/blog\/wp-content\/uploads\/2024\/08\/IPH_5945_22-12-2022-350x525.jpg 350w, https:\/\/agb83-photo.com\/blog\/wp-content\/uploads\/2024\/08\/IPH_5945_22-12-2022-480x720.jpg 480w, https:\/\/agb83-photo.com\/blog\/wp-content\/uploads\/2024\/08\/IPH_5945_22-12-2022.jpg 800w\" sizes=\"auto, (max-width: 683px) 100vw, 683px\" \/><\/figure>\n\n\n\n<figure class=\"wp-block-image aligncenter size-large\"><img loading=\"lazy\" decoding=\"async\" width=\"683\" height=\"1024\" src=\"https:\/\/agb83-photo.com\/blog\/wp-content\/uploads\/2024\/08\/IPH_6181_30-12-2022-683x1024.jpg\" alt=\"Une succession de rocher conduit le regard de place en place jusqu&#039;au rai de soleil pos\u00e9 sur l&#039;horizon de la mer d&#039;Andaman. Un voilier s&#039;inscrit en ombre chinoise juste dans la trace du cercle solaire.\" class=\"wp-image-2094\" title=\"\" srcset=\"https:\/\/agb83-photo.com\/blog\/wp-content\/uploads\/2024\/08\/IPH_6181_30-12-2022-683x1024.jpg 683w, https:\/\/agb83-photo.com\/blog\/wp-content\/uploads\/2024\/08\/IPH_6181_30-12-2022-200x300.jpg 200w, https:\/\/agb83-photo.com\/blog\/wp-content\/uploads\/2024\/08\/IPH_6181_30-12-2022-768x1152.jpg 768w, https:\/\/agb83-photo.com\/blog\/wp-content\/uploads\/2024\/08\/IPH_6181_30-12-2022-230x345.jpg 230w, https:\/\/agb83-photo.com\/blog\/wp-content\/uploads\/2024\/08\/IPH_6181_30-12-2022-350x525.jpg 350w, https:\/\/agb83-photo.com\/blog\/wp-content\/uploads\/2024\/08\/IPH_6181_30-12-2022-480x720.jpg 480w, https:\/\/agb83-photo.com\/blog\/wp-content\/uploads\/2024\/08\/IPH_6181_30-12-2022.jpg 800w\" sizes=\"auto, (max-width: 683px) 100vw, 683px\" \/><\/figure>\n\n\n\n<p class=\"has-text-align-center\">\u00c0 l\u2019aube renaissante<br>Ciel aux teintes changeantes<br>Rose, azur, violet dansant<br>Tes yeux s\u2019\u00e9veillent, \u00e9tincelants<br>Tableau infini, enivrant<br>Le jour cr\u00e9e la lumi\u00e8re<br>Le jour cr\u00e9e nos vies \u00e9ph\u00e9m\u00e8res<br><\/p>\n\n\n\n<figure class=\"wp-block-image aligncenter size-large\"><img loading=\"lazy\" decoding=\"async\" width=\"683\" height=\"1024\" src=\"https:\/\/agb83-photo.com\/blog\/wp-content\/uploads\/2024\/08\/IPH_6272_03-01-2023-683x1024.jpg\" alt=\"Une s\u00e9rie de trois barques \u00e0 l&#039;amarre conduisent le regard vers le soleil qui se l\u00e8ve dans la baie de Chalong.\" class=\"wp-image-2095\" title=\"\" srcset=\"https:\/\/agb83-photo.com\/blog\/wp-content\/uploads\/2024\/08\/IPH_6272_03-01-2023-683x1024.jpg 683w, https:\/\/agb83-photo.com\/blog\/wp-content\/uploads\/2024\/08\/IPH_6272_03-01-2023-200x300.jpg 200w, https:\/\/agb83-photo.com\/blog\/wp-content\/uploads\/2024\/08\/IPH_6272_03-01-2023-768x1152.jpg 768w, https:\/\/agb83-photo.com\/blog\/wp-content\/uploads\/2024\/08\/IPH_6272_03-01-2023-230x345.jpg 230w, https:\/\/agb83-photo.com\/blog\/wp-content\/uploads\/2024\/08\/IPH_6272_03-01-2023-350x525.jpg 350w, https:\/\/agb83-photo.com\/blog\/wp-content\/uploads\/2024\/08\/IPH_6272_03-01-2023-480x720.jpg 480w, https:\/\/agb83-photo.com\/blog\/wp-content\/uploads\/2024\/08\/IPH_6272_03-01-2023.jpg 800w\" sizes=\"auto, (max-width: 683px) 100vw, 683px\" \/><\/figure>\n\n\n\n<figure class=\"wp-block-image aligncenter size-large\"><img loading=\"lazy\" decoding=\"async\" width=\"683\" height=\"1024\" src=\"https:\/\/agb83-photo.com\/blog\/wp-content\/uploads\/2024\/08\/IPH_6290_03-01-2023-683x1024.jpg\" alt=\"L&#039;amarre des bateaux part de la plage de sable. Un chien l&#039;air joyeux court vers nous dans une lumi\u00e8re matinale, le soleil \u00e9merge derri\u00e8re l&#039;\u00eele d&#039;en face.\" class=\"wp-image-2096\" title=\"\" srcset=\"https:\/\/agb83-photo.com\/blog\/wp-content\/uploads\/2024\/08\/IPH_6290_03-01-2023-683x1024.jpg 683w, https:\/\/agb83-photo.com\/blog\/wp-content\/uploads\/2024\/08\/IPH_6290_03-01-2023-200x300.jpg 200w, https:\/\/agb83-photo.com\/blog\/wp-content\/uploads\/2024\/08\/IPH_6290_03-01-2023-768x1152.jpg 768w, https:\/\/agb83-photo.com\/blog\/wp-content\/uploads\/2024\/08\/IPH_6290_03-01-2023-230x345.jpg 230w, https:\/\/agb83-photo.com\/blog\/wp-content\/uploads\/2024\/08\/IPH_6290_03-01-2023-350x525.jpg 350w, https:\/\/agb83-photo.com\/blog\/wp-content\/uploads\/2024\/08\/IPH_6290_03-01-2023-480x720.jpg 480w, https:\/\/agb83-photo.com\/blog\/wp-content\/uploads\/2024\/08\/IPH_6290_03-01-2023.jpg 800w\" sizes=\"auto, (max-width: 683px) 100vw, 683px\" \/><\/figure>\n\n\n\n<figure class=\"wp-block-image aligncenter size-large\"><img loading=\"lazy\" decoding=\"async\" width=\"683\" height=\"1024\" src=\"https:\/\/agb83-photo.com\/blog\/wp-content\/uploads\/2024\/08\/IPH_6675_20-01-2023-683x1024.jpg\" alt=\"Un grand oiseau vole vers nous dans une lumi\u00e8re de lever de jour sur le golfe de Chalong depuis un rocher perc\u00e9.\" class=\"wp-image-2097\" title=\"\" srcset=\"https:\/\/agb83-photo.com\/blog\/wp-content\/uploads\/2024\/08\/IPH_6675_20-01-2023-683x1024.jpg 683w, https:\/\/agb83-photo.com\/blog\/wp-content\/uploads\/2024\/08\/IPH_6675_20-01-2023-200x300.jpg 200w, https:\/\/agb83-photo.com\/blog\/wp-content\/uploads\/2024\/08\/IPH_6675_20-01-2023-768x1152.jpg 768w, https:\/\/agb83-photo.com\/blog\/wp-content\/uploads\/2024\/08\/IPH_6675_20-01-2023-230x345.jpg 230w, https:\/\/agb83-photo.com\/blog\/wp-content\/uploads\/2024\/08\/IPH_6675_20-01-2023-350x525.jpg 350w, https:\/\/agb83-photo.com\/blog\/wp-content\/uploads\/2024\/08\/IPH_6675_20-01-2023-480x720.jpg 480w, https:\/\/agb83-photo.com\/blog\/wp-content\/uploads\/2024\/08\/IPH_6675_20-01-2023.jpg 800w\" sizes=\"auto, (max-width: 683px) 100vw, 683px\" \/><\/figure>\n\n\n\n<p class=\"has-text-align-center\">Figer l\u2019instant pr\u00e9sent<br>Un <a href=\"https:\/\/agb83-photo.com\/blog\/2024\/09\/05\/radieux-big-bouddha\/\">selfie<\/a>, du temps t\u00e9moin \u00e9loquent<\/p>\n\n\n\n<figure class=\"wp-block-image aligncenter size-large\"><img loading=\"lazy\" decoding=\"async\" width=\"683\" height=\"1024\" src=\"https:\/\/agb83-photo.com\/blog\/wp-content\/uploads\/2024\/08\/IPH_7117_07-02-2023-683x1024.jpg\" alt=\"Une fillette de dix ans fait une s\u00e9rie de selfie dos \u00e0 la mer d&#039;Andaman \u00e0 ses pieds une s\u00e9rie de p\u00e2t\u00e9s de sable, symbole entre l&#039;enfance et l&#039;adolescence.\" class=\"wp-image-2101\" title=\"\" srcset=\"https:\/\/agb83-photo.com\/blog\/wp-content\/uploads\/2024\/08\/IPH_7117_07-02-2023-683x1024.jpg 683w, https:\/\/agb83-photo.com\/blog\/wp-content\/uploads\/2024\/08\/IPH_7117_07-02-2023-200x300.jpg 200w, https:\/\/agb83-photo.com\/blog\/wp-content\/uploads\/2024\/08\/IPH_7117_07-02-2023-768x1152.jpg 768w, https:\/\/agb83-photo.com\/blog\/wp-content\/uploads\/2024\/08\/IPH_7117_07-02-2023-230x345.jpg 230w, https:\/\/agb83-photo.com\/blog\/wp-content\/uploads\/2024\/08\/IPH_7117_07-02-2023-350x525.jpg 350w, https:\/\/agb83-photo.com\/blog\/wp-content\/uploads\/2024\/08\/IPH_7117_07-02-2023-480x720.jpg 480w, https:\/\/agb83-photo.com\/blog\/wp-content\/uploads\/2024\/08\/IPH_7117_07-02-2023.jpg 800w\" sizes=\"auto, (max-width: 683px) 100vw, 683px\" \/><\/figure>\n\n\n\n<p class=\"has-text-align-center\"><br>\u00ab\u2009La <a href=\"https:\/\/agb83-photo.com\/blog\/2024\/10\/04\/inoubliable-parc-kamphet-phet\/\">valeur<\/a> n\u2019attend point les ann\u00e9es\u2009\u00bb<br>Corneille, de sagesse, inspir\u00e9<\/p>\n\n\n\n<p class=\"has-text-align-center\">J\u2019\u00e9cris ces mots, des nuages n\u00e9s<br>Par la <a href=\"https:\/\/agb83-photo.com\/blog\/2024\/06\/14\/instants-choisis\/\">mer<\/a> d\u2019Andaman, berc\u00e9<br>Sur la plage de Hat Ya Nui<br>O\u00f9 ciel et mer se marient, infinis<\/p>\n\n\n\n<p class=\"has-text-align-center\"><a href=\"https:\/\/agb83-photo.com\/blog\/2024\/06\/14\/instants-choisis\/\" target=\"_blank\" rel=\"noreferrer noopener\">D\u2019autres vues du soleil levant<\/a><br>Nous attendant patiemment<br>Laissons-nous emporter<br>Par cette \u00e9ph\u00e9m\u00e8re beaut\u00e9.<\/p>\n\n\n\n<p>Nous venons de nous promener dans mes hallucinations po\u00e9tiques, dans mes songes, une mani\u00e8re pour moi de me peindre, non\u2009?<br>En parlant d\u2019\u00e9goportrait, passons du sublime au ridicule ou est-ce l\u2019inverse, avec un sujet qui fait fureur&nbsp;:<\/p>\n\n\n\n<h4 class=\"wp-block-heading\" id=\"le-selfie\">Le selfie<\/h4>\n\n\n\n<p>Apr\u00e8s tout, pourquoi laisser le soin de peindre notre tableau \u00e0 un divin cr\u00e9ateur quand on a un smartphone \u00e0 port\u00e9e de main\u2009?<\/p>\n\n\n\n<h5 class=\"wp-block-heading\" id=\"pour-qui-pourquoi-pour-quoi\">Pour qui, pourquoi, pour quoi\u2009?<\/h5>\n\n\n\n<p>\u2009Il est devenu un symbole de notre culture num\u00e9rique, mais quelles sont ses v\u00e9ritables motivations\u2009? Est-ce juste du nombrilisme ou un moyen plus profond de communiquer\u2009?<\/p>\n\n\n\n<h5 class=\"wp-block-heading\" id=\"narcissisme-ou-quete-dauthenticite\">Narcissisme ou qu\u00eate d\u2019authenticit\u00e9\u2009?<\/h5>\n\n\n\n<p>On consid\u00e8re souvent ce comportement comme \u00e9gocentrique. Toutefois, il peut refl\u00e9ter une mani\u00e8re d\u2019affirmer son identit\u00e9, de pr\u00e9server un instant pr\u00e9cis ou encore de mettre en \u00e9vidence sa version id\u00e9ale. On a tendance \u00e0 supprimer la photo qui ne nous pla\u00eet pas, ce qui r\u00e9v\u00e8le notre d\u00e9sir de para\u00eetre irr\u00e9prochable. Cet outil sert \u00e9galement \u00e0 obtenir l\u2019approbation des autres, et il peut contribuer \u00e0 combattre certaines ins\u00e9curit\u00e9s.<\/p>\n\n\n\n<p>Finalement, nous poss\u00e9dons le miroir magique de Blanche-Neige, sauf que, cette fois, c\u2019est nous qui d\u00e9cidons de la plus belle.<\/p>\n\n\n\n<h5 class=\"wp-block-heading\" id=\"une-mode-passagere-ou-une-nouvelle-habitude\">Une mode passag\u00e8re ou une nouvelle habitude\u2009?<\/h5>\n\n\n\n<p>Le selfie n\u2019est pas r\u00e9serv\u00e9 aux jeunes, c\u2019est une pratique r\u00e9pandue dans toutes les populations. Il permet de pr\u00e9senter une image de soi souvent plus flatteuse, de temps en temps, que la r\u00e9alit\u00e9, gr\u00e2ce \u00e0 un original exercice de gym facial universel. Tout le monde s\u2019y met soit pour partager un moment ou s\u2019amuser, des b\u00e9b\u00e9s faisant la moue aux a\u00een\u00e9es qui tricotent.<\/p>\n\n\n\n<h5 class=\"wp-block-heading\" id=\"expression-de-soi-ou-creation\">Expression de soi ou cr\u00e9ation\u2009?<\/h5>\n\n\n\n<p>Le selfie devient une forme de langage visuel. Les gens inventent une version id\u00e9alis\u00e9e d\u2019eux-m\u00eames, en adoptant des poses st\u00e9r\u00e9otyp\u00e9es, exposant leur visage et leur tenue. C\u2019est une fa\u00e7on de se transformer, ne serait-ce que temporairement, m\u00eame si l\u2019on ressemble \u00e0 Donald Duck apr\u00e8s une s\u00e9ance chez l\u2019esth\u00e9ticienne.<\/p>\n\n\n\n<h5 class=\"wp-block-heading\" id=\"les-filtres-entre-embellissement-et-risques\">Les filtres&nbsp;: entre embellissement et risques<\/h5>\n\n\n\n<p>Les filtres rev\u00eatent une grande importance dans l\u2019univers des selfies. Ils permettent de modifier les couleurs, d\u2019ajouter des effets, voire de changer compl\u00e8tement l\u2019apparence. Ils s\u2019av\u00e8rent amusants, mais \u00e0 trop les utiliser, ils cr\u00e9ent une image fausse de soi. Cela peut accro\u00eetre la pression sociale, diminuer l\u2019estime de soi et entra\u00eener une d\u00e9pendance \u00e0 sa repr\u00e9sentation retouch\u00e9e. Ils peuvent donc renforcer des id\u00e9aux de beaut\u00e9 irr\u00e9alistes, ce qui peut avoir des cons\u00e9quences n\u00e9gatives, surtout chez les jeunes.<\/p>\n\n\n\n<p><br>On risque de devenir m\u00e9connaissable, \u00e0 force de filtres, m\u00eame pour son propre smartphone\u2009!<br>Cette qu\u00eate de perfection virtuelle soul\u00e8ve une question plus profonde, que j\u2019ose r\u00e9sumer ainsi&nbsp;:<\/p>\n\n\n\n<blockquote class=\"wp-block-quote is-layout-flow wp-block-quote-is-layout-flow\">\n<p class=\"has-text-align-center has-small-font-size\">Beaut\u00e9 qui s\u2019enfuit<br>Le filtre efface les ans<br>Qui suis-je vraiment\u2009?<\/p>\n<\/blockquote>\n\n\n\n<h5 class=\"wp-block-heading\" id=\"quand-les-mots-ne-suffisent-plus\">Quand les mots ne suffisent plus<\/h5>\n\n\n\n<p>Les mots semblent parfois insuffisants pour d\u00e9crire nos \u00e9motions, dans un monde rempli d\u2019images.<\/p>\n\n\n\n<p>Les selfies comblent un manque en offrant une solution rapide de partager nos sentiments. Il devient un puissant moyen de communication non verbale. Mais un <a href=\"https:\/\/agb83-photo.com\/blog\/2024\/11\/21\/au-plaisir-de-la-gratitude\/\">sourire<\/a> peut r\u00e9v\u00e9ler une vraie joie ou cacher une tristesse, ainsi des perceptions complexes peuvent na\u00eetre.<\/p>\n\n\n\n<p>Face aux cent mille termes du <a href=\"https:\/\/dictionnaire.lerobert.com\/\" target=\"_blank\" rel=\"noopener\">Grand Robert<\/a>, cette mode propose de r\u00e9sumer notre \u00e9tat d\u2019\u00e2me en un simple clic\u2026 et quelques retouches artificielles, voire \u00e0 la combinaison d\u2019\u00e9l\u00e9ments et un hastag bien choisi.\u2009<br>Cette m\u00e9tamorphose en puzzle \u00e9motionnel, o\u00f9 chaque observateur projette sa propre interpr\u00e9tation, cr\u00e9e un paradoxal dialogue. O\u00f9 se situe alors la v\u00e9ritable expression de soi\u2009?<\/p>\n\n\n\n<h5 class=\"wp-block-heading\" id=\"un-nouveau-langage-visuel\">Un nouveau langage visuel<\/h5>\n\n\n\n<p>\u2009\u2009Les selfies&nbsp;et les \u00e9mojis&nbsp;repr\u00e9sentent une nouvelle forme de transmission visuelle. Ils permettent&nbsp;d\u2019exprimer des \u00e9motions, de raconter une <a href=\"https:\/\/agb83-photo.com\/blog\/2024\/04\/06\/phuket-town-style-sino-portugais\/\">histoire<\/a> ou de capturer un&nbsp;instant. N\u00e9anmoins, il laisse la porte \u00e0 de diff\u00e9rentes interpr\u00e9tations.<br>Cela pourrait devenir la principale fa\u00e7on de communiquer comme les \u00c9gyptiens avec leurs hi\u00e9roglyphes, version&nbsp;2.0\u2009!<\/p>\n\n\n\n<h5 class=\"wp-block-heading\" id=\"ou-quand-comment\">O\u00f9, quand, comment\u2009?<\/h5>\n\n\n\n<p>On peut en prendre n\u2019importe o\u00f9&nbsp;: dans des lieux ordinaires ou insolites, seul ou avec d\u2019autres, \u00e0 tout moment. <\/p>\n\n\n\n<blockquote class=\"wp-block-quote is-layout-flow wp-block-quote-is-layout-flow\">\n<p class=\"has-medium-font-size\">Restons vigilants, la vie ne tient qu\u2019\u00e0 un selfie\u2009!<\/p>\n<\/blockquote>\n\n\n\n<p>Chaque image ouvre une fen\u00eatre sur un instant qui ressuscite \u00e0 l\u2019envie, plus ou moins r\u00e9elle. Les filtres et les effets peuvent embellir et ajouter une touche \u00ab\u2009cr\u00e9ative\u2009\u00bb \u00e0 ces images avec plus ou moins de r\u00e9ussite.<\/p>\n\n\n\n<h5 class=\"wp-block-heading\" id=\"un-phenomene-mondial\">Un ph\u00e9nom\u00e8ne mondial<\/h5>\n\n\n\n<p>Le <a href=\"https:\/\/fr.wikipedia.org\/wiki\/Selfie\" target=\"_blank\" rel=\"noreferrer noopener\">selfie<\/a> va au-del\u00e0 d\u2019une tendance&nbsp;: c\u2019est un ph\u00e9nom\u00e8ne social, un nouveau langage utilis\u00e9 sur les r\u00e9seaux pour attirer l\u2019attention, marquer&nbsp;sa pr\u00e9sence&nbsp;\u00e0 un \u00e9v\u00e9nement ou&nbsp;garder un <a href=\"https:\/\/agb83-photo.com\/blog\/2024\/06\/28\/16-petits-tresors\/\">souvenir<\/a>.<\/p>\n\n\n\n<p>Finalement,&nbsp;ces images refl\u00e8tent-elles notre v\u00e9ritable identit\u00e9&nbsp;ou&nbsp;une&nbsp;repr\u00e9sentation&nbsp;id\u00e9alis\u00e9e&nbsp;dans un monde de plus en plus virtuel\u2009?<br>J\u2019ai photographi\u00e9 plusieurs fois, au cours de mon voyage, des adeptes par exemple, <a href=\"https:\/\/agb83-photo.com\/blog\/2024\/06\/21\/sourire-etonnant\/#selfie\" target=\"_blank\" rel=\"noreferrer noopener\">ici<\/a> ou <a href=\"https:\/\/agb83-photo.com\/blog\/2024\/08\/09\/histoire-damour\/#selfie\" target=\"_blank\" rel=\"noreferrer noopener\">l\u00e0<\/a>.<\/p>\n\n\n\n<p>Je dirais pour conclure&nbsp;: \u00ab\u2009Je selfie, donc je suis\u2009!\u2009\u00bb<\/p>\n\n\n\nEt vous, quel message transmettez-vous avec vos selfies\u2009?\n\n\n<div class=\"wp-block-post-author\"><div class=\"wp-block-post-author__avatar\"><img loading=\"lazy\" decoding=\"async\" src=\"https:\/\/secure.gravatar.com\/avatar\/ab8161592cf40992d9fb73f879067667dc8f9b12f51f1872a251aa80026026e1?s=48&#038;d=identicon&#038;r=g\" width=\"48\" height=\"48\" alt=\"Avatar\" class=\"avatar avatar-48 wp-user-avatar wp-user-avatar-48 photo avatar-default\" title=\"\"><\/div><div class=\"wp-block-post-author__content\"><p class=\"wp-block-post-author__name\"><a href=\"https:\/\/agb83-photo.com\/blog\/author\/agb83\/\" target=\"_blank\">Alain<\/a><\/p><p class=\"wp-block-post-author__bio\">S\u00e9rendipit\u00e9\u00a0: on doit parfois se perdre pour trouver pour d\u00e9couvrir l\u2019inattendu\u2009! \r\nAlain, un explorateur des formes et des sens, qui m\u00eale po\u00e9sie et photographie pour imaginer des \u0153uvres qui parlent une langue universelle. Il tente, avec un profond respect et un \u0153il attentif aux d\u00e9tails, de r\u00e9v\u00e9ler ce qui, souvent, passe sous silence \u2013\u00a0les nuances, les paradoxes, les instants suspendus.\r\nIl s\u2019inspire, guid\u00e9 par une fascination pour les contrastes, le vide, le plein, les \u00e9l\u00e9ments naturels ou les interactions humaines. Il cherche \u00e0 transcender les fronti\u00e8res linguistiques et sociales. Ses cr\u00e9ations s\u2019ancrent dans la continuit\u00e9 de l\u2019impermanence. Une seule chose ne change jamais, tout change toujours.<\/p><\/div><\/div>","protected":false},"excerpt":{"rendered":"<p>Quel divin cr\u00e9ateur<br \/>\nDans son atelier des hauteurs<br \/>\nPourrait, d\u2019un trait enchanteur,<br \/>\nPeindre ce chef-d\u2019\u0153uvre de splendeur\u2009?<br \/>\nL\u2019ange, gardien discret<br \/>\nDe ce tableau secret<br \/>\nD\u00e9voile un monde parfait<\/p>\n","protected":false},"author":1,"featured_media":2248,"comment_status":"open","ping_status":"open","sticky":false,"template":"","format":"standard","meta":{"footnotes":""},"categories":[16,57],"tags":[9,8,11],"class_list":["post-2079","post","type-post","status-publish","format-standard","has-post-thumbnail","hentry","category-thailande-autrement","category-vie-quotidienne","tag-authenticite","tag-experience-de-voyage","tag-thailande"],"_links":{"self":[{"href":"https:\/\/agb83-photo.com\/blog\/wp-json\/wp\/v2\/posts\/2079","targetHints":{"allow":["GET"]}}],"collection":[{"href":"https:\/\/agb83-photo.com\/blog\/wp-json\/wp\/v2\/posts"}],"about":[{"href":"https:\/\/agb83-photo.com\/blog\/wp-json\/wp\/v2\/types\/post"}],"author":[{"embeddable":true,"href":"https:\/\/agb83-photo.com\/blog\/wp-json\/wp\/v2\/users\/1"}],"replies":[{"embeddable":true,"href":"https:\/\/agb83-photo.com\/blog\/wp-json\/wp\/v2\/comments?post=2079"}],"version-history":[{"count":66,"href":"https:\/\/agb83-photo.com\/blog\/wp-json\/wp\/v2\/posts\/2079\/revisions"}],"predecessor-version":[{"id":2680,"href":"https:\/\/agb83-photo.com\/blog\/wp-json\/wp\/v2\/posts\/2079\/revisions\/2680"}],"wp:featuredmedia":[{"embeddable":true,"href":"https:\/\/agb83-photo.com\/blog\/wp-json\/wp\/v2\/media\/2248"}],"wp:attachment":[{"href":"https:\/\/agb83-photo.com\/blog\/wp-json\/wp\/v2\/media?parent=2079"}],"wp:term":[{"taxonomy":"category","embeddable":true,"href":"https:\/\/agb83-photo.com\/blog\/wp-json\/wp\/v2\/categories?post=2079"},{"taxonomy":"post_tag","embeddable":true,"href":"https:\/\/agb83-photo.com\/blog\/wp-json\/wp\/v2\/tags?post=2079"}],"curies":[{"name":"wp","href":"https:\/\/api.w.org\/{rel}","templated":true}]}}