{"id":480,"date":"2024-09-12T05:47:00","date_gmt":"2024-09-12T03:47:00","guid":{"rendered":"https:\/\/agb83-photo.com\/blog\/?p=480"},"modified":"2024-09-09T06:51:38","modified_gmt":"2024-09-09T04:51:38","slug":"valeur-des-choses","status":"publish","type":"post","link":"https:\/\/agb83-photo.com\/blog\/2024\/09\/12\/valeur-des-choses\/","title":{"rendered":"La valeur de la richesse \u2014 L\u2019histoire de Th\u00e9o"},"content":{"rendered":"<div class=\"wp-block-post-author\"><div class=\"wp-block-post-author__avatar\"><img loading=\"lazy\" decoding=\"async\" src=\"https:\/\/secure.gravatar.com\/avatar\/ab8161592cf40992d9fb73f879067667dc8f9b12f51f1872a251aa80026026e1?s=48&#038;d=identicon&#038;r=g\" width=\"48\" height=\"48\" alt=\"Avatar\" class=\"avatar avatar-48 wp-user-avatar wp-user-avatar-48 photo avatar-default\" title=\"\"><\/div><div class=\"wp-block-post-author__content\"><p class=\"wp-block-post-author__byline\">\u23f1\ufe0f <a href=\"https:\/\/agb83-photo.com\/blog\/2024\/02\/23\/asoke\/\">Temps<\/a> de lecture\u00a0: 10\u00a0min<\/p><p class=\"wp-block-post-author__name\">Alain<\/p><\/div><\/div>\n\n\n<p>Mon petit-fils Th\u00e9o, 8&nbsp;ans, ramasse une simple rondelle de fer rouill\u00e9e sur le chemin. Ses yeux brillent&nbsp;: quel magnifique tr\u00e9sor\u2009!<br>Son enthousiasme m\u2019interpelle. Qu\u2019est-ce qui donne de la <a href=\"https:\/\/agb83-photo.com\/blog\/2024\/10\/04\/inoubliable-parc-kamphet-phet\/\">valeur<\/a> aux choses\u2009?<br>\u00c0 l\u2019\u00e8re de l\u2019hyperconsommation, qu\u2019est-ce qui m\u00e9rite vraiment notre attention et notre admiration\u2009?<br>Je repense aux cath\u00e9drales majestueuses ou aux gratte-ciel vertigineux. Notre attrait pour ces colosses, est-il inn\u00e9 ou acquis\u2009? Quel est votre avis\u2009?<\/p>\n\n\n\n<div class=\"wp-block-rank-math-toc-block\" id=\"rank-math-toc\"><nav><ul><li class=\"\"><a href=\"#la-lecon-de-mon-petit-fils\">La le\u00e7on de mon petit-fils<\/a><\/li><li class=\"\"><a href=\"#cathedrale-temple-etc\">Cath\u00e9drale, Temple, etc.<\/a><\/li><li class=\"\"><a href=\"#un-gout-amer\">Un go\u00fbt amer<\/a><\/li><li class=\"\"><a href=\"#notre-education\">Notre \u00e9ducation<\/a><\/li><li class=\"\"><a href=\"#la-reussite\">La r\u00e9ussite<\/a><\/li><li class=\"\"><a href=\"#paradigme\">Paradigme<\/a><\/li><li class=\"\"><a href=\"#limpermanence\">L\u2019impermanence<\/a><\/li><li class=\"\"><a href=\"#comment-faire\">Comment faire\u2009?<\/a><\/li><li class=\"\"><a href=\"#cette-force\">Cette force<\/a><\/li><li class=\"\"><a href=\"#reflexion\">R\u00e9flexion<\/a><\/li><\/ul><\/nav><\/div>\n\n\n\n<h4 class=\"wp-block-heading\" id=\"la-lecon-de-mon-petit-fils\">La le\u00e7on de mon petit-fils<\/h4>\n\n\n\n<p>Pourquoi cette pi\u00e8ce m\u00e9tallique aussi banale rev\u00eat-elle une telle valeur \u00e0 ses yeux\u2009?<br>Elle \u00e9voque une belle journ\u00e9e, la douceur de l\u2019air, les parfums de la garrigue, les chants des cigales, toutes ces choses qui ne s\u2019ach\u00e8tent pas, mais qui deviennent inestimables parce qu\u2019elles sont uniques. Th\u00e9o se rappellera, chaque fois qu\u2019il la regardera, des moments pass\u00e9s \u00e0 la trouver, des lieux qu\u2019il a visit\u00e9s, des \u00e9motions. Dans ces sensations ressenties, il pourra r\u00eaver des univers entiers.<\/p>\n\n\n\n<p>Le bonheur, dans sa simplicit\u00e9, exige moins que nous. Ce grand silencieux se niche dans la d\u00e9licatesse des instants fugaces, dans des petits riens. Il scintille dans un rayon de <a href=\"https:\/\/agb83-photo.com\/blog\/2024\/06\/14\/instants-choisis\/\">soleil<\/a> qui se faufile par l\u2019entreb\u00e2illement d\u2019une porte, se love dans un livre abandonn\u00e9 sur une table, et tourbillonne avec les volutes d\u2019une tasse de <a href=\"https:\/\/agb83-photo.com\/blog\/2024\/03\/30\/8-delices-thailandais-a-decouvrir\/\">caf\u00e9<\/a>. Il vibre dans les rires d\u2019enfants de la <a href=\"https:\/\/agb83-photo.com\/blog\/2025\/04\/25\/vivre-dans-la-rue\/\">rue<\/a> qui r\u00e9sonnent au loin comme une douce m\u00e9lodie. Ouvrir son c\u0153ur, il est l\u00e0, son bonheur, la v\u00e9ritable essence de sa richesse&nbsp;: dans ses exp\u00e9riences, ses souvenirs et ses sentiments, bien au-del\u00e0 de son aspect financier.<\/p>\n\n\n\n<p>Je pr\u00e9f\u00e8re la valeur \u00e0 l\u2019argent\u2009!<\/p>\n\n\n\n<h4 class=\"wp-block-heading\" id=\"cathedrale-temple-etc\">Cath\u00e9drale, Temple, etc.<\/h4>\n\n\n\n<figure class=\"wp-block-image aligncenter size-large\"><img loading=\"lazy\" decoding=\"async\" width=\"1024\" height=\"683\" src=\"https:\/\/agb83-photo.com\/blog\/wp-content\/uploads\/2024\/02\/IPH_2014_11-10-2014-51-1024x683.jpg\" alt=\"Quelle valeur dois-je accorder \u00e0 cette cath\u00e9drale La Major de Marseille. Vue du b\u00e2timent au travers des vitres du MUCEM  \" class=\"wp-image-2304\" title=\"\" srcset=\"https:\/\/agb83-photo.com\/blog\/wp-content\/uploads\/2024\/02\/IPH_2014_11-10-2014-51-1024x683.jpg 1024w, https:\/\/agb83-photo.com\/blog\/wp-content\/uploads\/2024\/02\/IPH_2014_11-10-2014-51-300x200.jpg 300w, https:\/\/agb83-photo.com\/blog\/wp-content\/uploads\/2024\/02\/IPH_2014_11-10-2014-51-768x512.jpg 768w, https:\/\/agb83-photo.com\/blog\/wp-content\/uploads\/2024\/02\/IPH_2014_11-10-2014-51-1000x667.jpg 1000w, https:\/\/agb83-photo.com\/blog\/wp-content\/uploads\/2024\/02\/IPH_2014_11-10-2014-51-230x153.jpg 230w, https:\/\/agb83-photo.com\/blog\/wp-content\/uploads\/2024\/02\/IPH_2014_11-10-2014-51-350x233.jpg 350w, https:\/\/agb83-photo.com\/blog\/wp-content\/uploads\/2024\/02\/IPH_2014_11-10-2014-51-480x320.jpg 480w, https:\/\/agb83-photo.com\/blog\/wp-content\/uploads\/2024\/02\/IPH_2014_11-10-2014-51.jpg 1200w\" sizes=\"auto, (max-width: 1024px) 100vw, 1024px\" \/><figcaption class=\"wp-element-caption\">Cath\u00e9drale La Major \u2014 Marseille<\/figcaption><\/figure>\n\n\n\n<p>Cette fascination pour les structures imposantes n\u2019est pas sans liens avec notre \u00e9ducation. D\u00e8s notre plus jeune \u00e2ge, on nous enseigne \u00e0 admirer le grand, le majestueux, le co\u00fbteux. Les livres d\u2019histoire regorgent d\u2019images de ch\u00e2teaux somptueux et de cath\u00e9drales magnifiques, pr\u00e9sent\u00e9s comme des symboles de r\u00e9ussite et de pouvoir.<\/p>\n\n\n\n<p>Je comprends l\u2019attirance pour leur beaut\u00e9 et leur splendeur. Cependant, cet enthousiasme et cet \u00e9merveillement ne prennent souvent en compte que l\u2019apparence, au d\u00e9triment de ce qui se cache derri\u00e8re\u2009!<\/p>\n\n\n\n<p>On ne nous parle pas des petites maisons o\u00f9 vivaient la majorit\u00e9 des gens, ou des efforts collectifs qui ont rendu possibles ces constructions monumentales. Cette emphase \u00e9ducative sur le grandiose fa\u00e7onne notre perception de la valeur, nous am\u00e8ne \u00e0 associer inconsciemment la taille et le co\u00fbt \u00e0 l\u2019importance et au m\u00e9rite.<\/p>\n\n\n\n<p>Je reste peu sensible \u00e0 ces structures, car je sais que leurs fondations s\u2019appuient sur la mis\u00e8re, la spoliation, et le colonialisme. Ce qui me passionne davantage, ce sont les b\u00e2tisseurs, ces hommes inventifs, ces artistes de l\u2019ombre qui ont \u0153uvr\u00e9 \u00e0 l\u2019\u00e9dification de ces monuments r\u00e9guli\u00e8rement au p\u00e9ril de leur vie.<\/p>\n\n\n\n<h4 class=\"wp-block-heading\" id=\"un-gout-amer\">Un go\u00fbt amer<\/h4>\n\n\n\n<p>Je ressens une amertume en pensant aux origines des ressources utilis\u00e9es pour \u00e9lever ces \u00e9difices glacials, que l\u2019on tente de r\u00e9chauffer \u00e0 grands coups d\u2019or, de pourpre et de pierres pr\u00e9cieuses.<br>Cette r\u00e9flexion m\u2019a inspir\u00e9 ce <a href=\"https:\/\/agb83-photo.com\/blog\/2024\/04\/17\/sous-la-pluie-thailandaise\/\">ha\u00efku<\/a>&nbsp;:<\/p>\n\n\n\n<blockquote class=\"wp-block-quote has-small-font-size is-layout-flow wp-block-quote-is-layout-flow\">\n<p class=\"has-text-align-center has-small-font-size\">Ces grandes \u00e9glises <br>Sous leurs pierres, vies us\u00e9es <br>L\u2019hiver des petits<\/p>\n<\/blockquote>\n\n\n\n<p>Ce court <a href=\"https:\/\/agb83-photo.com\/blog\/2024\/08\/29\/eblouissant-soleil\/\">po\u00e8me<\/a> capture l\u2019essence de mon malaise face \u00e0 ces monuments imposants, rappelle le co\u00fbt <a href=\"https:\/\/agb83-photo.com\/blog\/2025\/03\/26\/regards-ephemeres-captivant-intime\/\">humain<\/a> souvent oubli\u00e9 de leur construction et de leur maintien.<\/p>\n\n\n\n<p>J\u2019aborde cette question de fa\u00e7on discr\u00e8te, dans mon exposition \u00ab\u2009<a href=\"https:\/\/agb83-photo.com\/In-visible.html\" data-type=\"link\" data-id=\"https:\/\/agb83-photo.com\/In-visible.html\" target=\"_blank\" rel=\"noreferrer noopener\">(In) Visible<\/a>\u2009\u00bb, avec la photo<\/p>\n\n\n\n<p class=\"has-text-align-center\">\u2009\u00ab\u2009Labeur\u2009\u00bb<\/p>\n\n\n\n<figure class=\"wp-block-image aligncenter size-large\"><img loading=\"lazy\" decoding=\"async\" width=\"334\" height=\"500\" src=\"https:\/\/agb83-photo.com\/blog\/wp-content\/uploads\/2024\/02\/image.jpeg\" alt=\"\" class=\"wp-image-2368\" title=\"\" srcset=\"https:\/\/agb83-photo.com\/blog\/wp-content\/uploads\/2024\/02\/image.jpeg 334w, https:\/\/agb83-photo.com\/blog\/wp-content\/uploads\/2024\/02\/image-200x300.jpeg 200w, https:\/\/agb83-photo.com\/blog\/wp-content\/uploads\/2024\/02\/image-230x344.jpeg 230w\" sizes=\"auto, (max-width: 334px) 100vw, 334px\" \/><\/figure>\n\n\n\n<p>accompagn\u00e9e d\u2019un ha\u00efku (<em>petit po\u00e8me<\/em>) de Takano Suju (<em>1893-1976<\/em>)<\/p>\n\n\n\n<blockquote class=\"wp-block-quote has-small-font-size is-layout-flow wp-block-quote-is-layout-flow\">\n<p class=\"has-text-align-center has-small-font-size\">Qui se soucie de regarder<br>La fleur de la carotte sauvage<br>Au temps des cerisiers<\/p>\n<\/blockquote>\n\n\n\n<p>Je me consid\u00e8re comme catholique, mais je ne suis pas chr\u00e9tien, je m\u2019int\u00e9resse aux enseignements du Dharma, mais je ne suis pas bouddhiste. Je me sens plut\u00f4t d\u00e9iste.<\/p>\n\n\n\n<p>\u00ab\u2009Je ne sais pas si Dieu a r\u00e9ellement parl\u00e9, mais s\u2019il le faisait, voici ce que je crois qu\u2019il dirait au croyant&nbsp;:<br>[\u2026] Arr\u00eate d\u2019aller dans ces temples sombres et froids que tu as construits toi-m\u00eame et dont tu dis que c\u2019est ma maison\u2009!<br>Ma maison est dans les montagnes, dans les bois, les rivi\u00e8res, les lacs.<br>C\u2019est l\u00e0 o\u00f9 je vis avec toi et que j\u2019exprime mon <a href=\"https:\/\/agb83-photo.com\/blog\/2025\/09\/21\/lettre-d-adieu\/\">amour<\/a> pour toi.<br>Arr\u00eate de m\u2019accuser de ta vie mis\u00e9rable, je ne t\u2019ai jamais dit qu\u2019il y avait quelque chose de mal en toi [\u2026]\u2009\u00bb<\/p>\n\n\n\n<p>Ces extraits d\u2019un texte attribu\u00e9s \u00e0 <a href=\"https:\/\/fr.wikipedia.org\/wiki\/Baruch_Spinoza\" data-type=\"link\" data-id=\"https:\/\/fr.wikipedia.org\/wiki\/Baruch_Spinoza\" target=\"_blank\" rel=\"noreferrer noopener\">Baruch Spinoza<\/a> (1632-1677) pr\u00e9sentent un dieu plus proche de l\u2019<a href=\"https:\/\/agb83-photo.com\/blog\/2025\/03\/21\/vent\/\">id\u00e9e<\/a> que je m\u2019en fais.<\/p>\n\n\n\n<p>Alors, cette fascination est-elle inn\u00e9e ou acquise\u2009?<\/p>\n\n\n\n<h4 class=\"wp-block-heading\" id=\"notre-education\">Notre \u00e9ducation<\/h4>\n\n\n\n<figure class=\"wp-block-image aligncenter size-large\"><img loading=\"lazy\" decoding=\"async\" width=\"1024\" height=\"683\" src=\"https:\/\/agb83-photo.com\/blog\/wp-content\/uploads\/2024\/02\/AGB_0208_10-01-2011-1024x683.jpg\" alt=\"Une pointe d&#039;humour sur le portail vert d&#039;une \u00e9cole. \u00ab\u00a0\u00c9cole fl\u00e9mentaire\u00a0\u00bb\" class=\"wp-image-2194\" title=\"\" srcset=\"https:\/\/agb83-photo.com\/blog\/wp-content\/uploads\/2024\/02\/AGB_0208_10-01-2011-1024x683.jpg 1024w, https:\/\/agb83-photo.com\/blog\/wp-content\/uploads\/2024\/02\/AGB_0208_10-01-2011-300x200.jpg 300w, https:\/\/agb83-photo.com\/blog\/wp-content\/uploads\/2024\/02\/AGB_0208_10-01-2011-768x512.jpg 768w, https:\/\/agb83-photo.com\/blog\/wp-content\/uploads\/2024\/02\/AGB_0208_10-01-2011-1000x667.jpg 1000w, https:\/\/agb83-photo.com\/blog\/wp-content\/uploads\/2024\/02\/AGB_0208_10-01-2011-230x153.jpg 230w, https:\/\/agb83-photo.com\/blog\/wp-content\/uploads\/2024\/02\/AGB_0208_10-01-2011-350x233.jpg 350w, https:\/\/agb83-photo.com\/blog\/wp-content\/uploads\/2024\/02\/AGB_0208_10-01-2011-480x320.jpg 480w, https:\/\/agb83-photo.com\/blog\/wp-content\/uploads\/2024\/02\/AGB_0208_10-01-2011.jpg 1200w\" sizes=\"auto, (max-width: 1024px) 100vw, 1024px\" \/><figcaption class=\"wp-element-caption\">Avec un \u00ab\u2009F\u2009\u00bb comme fran\u00e7ais.<\/figcaption><\/figure>\n\n\n\n<p>Je pense que l\u2019admiration pour les grandes architectures est davantage le fruit de l\u2019acquisition que d\u2019une inclination atavique.<\/p>\n\n\n\n<p>Notre syst\u00e8me \u00e9ducatif, formel et informel, joue un r\u00f4le crucial dans la formation de nos valeurs. Les enfants sont expos\u00e9s, d\u00e8s le plus jeune \u00e2ge, \u00e0 des r\u00e9cits qui glorifient la <a href=\"https:\/\/agb83-photo.com\/blog\/2025\/05\/23\/experience-or-du-peuple\/\">richesse<\/a>, les ch\u00e2teaux, les tr\u00e9sors de pirates et le pouvoir. Les manuels scolaires placent souvent en avant les empires, les conqu\u00eates et les monuments imposants, plut\u00f4t que les avanc\u00e9es sociales ou intellectuelles. Cette emphase sur le mat\u00e9riel et le grandiose fa\u00e7onne subtilement notre subconscient. Les m\u00e9dias et la publicit\u00e9 renforcent ces messages et cr\u00e9ent ainsi un cercle vicieux&nbsp;: la soci\u00e9t\u00e9 valorise ce qu\u2019elle a appris \u00e0 valoriser. Remettre en question ces valeurs acquises n\u00e9cessite donc un effort d\u00e9lib\u00e9r\u00e9, constant et une r\u00e9flexion critique sur nos propres perceptions.<\/p>\n\n\n\n<p><br>On enseigne, par exemple, \u00e0 nos enfants, sans vraiment y penser, cette jolie comptine pornographique, \u00ab\u2009Au clair de la <a href=\"https:\/\/agb83-photo.com\/blog\/2024\/05\/23\/pleine-lune\/\">lune<\/a>\u2009\u00bb. \u00c9tonn\u00e9\u2009? Regardez <a href=\"https:\/\/youtu.be\/YizOZ2f_doE?si=LPD333HxT_kVEx2D&amp;t=92\" target=\"_blank\" rel=\"noreferrer noopener\">ici<\/a>, si vous n\u2019avez jamais analys\u00e9 les paroles.<\/p>\n\n\n\n<h4 class=\"wp-block-heading\" id=\"la-reussite\">La r\u00e9ussite<\/h4>\n\n\n\n<p>Qu\u2019est-ce donc que la r\u00e9ussite\u2009?<br>Nos id\u00e9aux et nos normes sociales de succ\u00e8s influencent profond\u00e9ment nos attitudes envers ces imposantes structures architecturales. On valorise fortement la richesse et le pouvoir, dans plusieurs cultures, et on per\u00e7oit la possession d\u2019objets luxueux comme un signe d\u2019accomplissement personnel. Les grandes constructions, que ce soit des palais, des mausol\u00e9es ou des gratte-ciel, deviennent ainsi des symboles tangibles de cette r\u00e9ussite, les rendant d\u2019autant plus admirables aux yeux de ceux qui aspirent \u00e0 ces m\u00eames id\u00e9aux.<\/p>\n\n\n\n<figure class=\"wp-block-image aligncenter size-large\"><img loading=\"lazy\" decoding=\"async\" width=\"683\" height=\"1024\" src=\"https:\/\/agb83-photo.com\/blog\/wp-content\/uploads\/2024\/02\/IPH_1337_02-09-2020-683x1024.jpg\" alt=\"Au bord de l&#039;eau sur un banc, un couple partage un sandwich, au-dessus d&#039;eux, un m\u00e2t s&#039;\u00e9l\u00e8ve aussi haut que les immeubles, une sculpture d&#039;un homme y grimpe.\" class=\"wp-image-2175\" title=\"\" srcset=\"https:\/\/agb83-photo.com\/blog\/wp-content\/uploads\/2024\/02\/IPH_1337_02-09-2020-683x1024.jpg 683w, https:\/\/agb83-photo.com\/blog\/wp-content\/uploads\/2024\/02\/IPH_1337_02-09-2020-200x300.jpg 200w, https:\/\/agb83-photo.com\/blog\/wp-content\/uploads\/2024\/02\/IPH_1337_02-09-2020-768x1152.jpg 768w, https:\/\/agb83-photo.com\/blog\/wp-content\/uploads\/2024\/02\/IPH_1337_02-09-2020-1024x1536.jpg 1024w, https:\/\/agb83-photo.com\/blog\/wp-content\/uploads\/2024\/02\/IPH_1337_02-09-2020-1365x2048.jpg 1365w, https:\/\/agb83-photo.com\/blog\/wp-content\/uploads\/2024\/02\/IPH_1337_02-09-2020-1000x1500.jpg 1000w, https:\/\/agb83-photo.com\/blog\/wp-content\/uploads\/2024\/02\/IPH_1337_02-09-2020-230x345.jpg 230w, https:\/\/agb83-photo.com\/blog\/wp-content\/uploads\/2024\/02\/IPH_1337_02-09-2020-350x525.jpg 350w, https:\/\/agb83-photo.com\/blog\/wp-content\/uploads\/2024\/02\/IPH_1337_02-09-2020-480x720.jpg 480w, https:\/\/agb83-photo.com\/blog\/wp-content\/uploads\/2024\/02\/IPH_1337_02-09-2020-scaled.jpg 1707w\" sizes=\"auto, (max-width: 683px) 100vw, 683px\" \/><figcaption class=\"wp-element-caption\">Toujours plus haut<\/figcaption><\/figure>\n\n\n\n<h4 class=\"wp-block-heading\" id=\"paradigme\">Paradigme<\/h4>\n\n\n\n<figure class=\"wp-block-embed is-type-video is-provider-youtube wp-block-embed-youtube wp-embed-aspect-16-9 wp-has-aspect-ratio\"><div class=\"wp-block-embed__wrapper\">\n<iframe loading=\"lazy\" title=\"Henri Salvador - Syracuse (Audio officiel)\" width=\"1170\" height=\"658\" src=\"https:\/\/www.youtube.com\/embed\/fOw6_NaT24k?feature=oembed\" frameborder=\"0\" allow=\"accelerometer; autoplay; clipboard-write; encrypted-media; gyroscope; picture-in-picture; web-share\" referrerpolicy=\"strict-origin-when-cross-origin\" allowfullscreen><\/iframe>\n<\/div><\/figure>\n\n\n\n<p>M\u00eame les chansons v\u00e9hiculent ces id\u00e9es, j\u2019aimerais tant voir Syracuse. <br>La ville abrite le parc arch\u00e9ologique de N\u00e9apolis, qui comprend le c\u00e9l\u00e8bre th\u00e9\u00e2tre grec, l\u2019un des mieux conserv\u00e9s au monde, et l\u2019Oreille de Dionysos, une grotte artificielle \u00e0 la forme unique qui amplifie les sons.<br>Je pr\u00e9f\u00e9rerais d\u00e9couvrir des vestiges d\u2019h\u00f4pitaux, de biblioth\u00e8que ou d\u2019universit\u00e9s. La fouille de ces b\u00e2timents est-elle pass\u00e9e sous silence et les a-t-on jug\u00e9s secondaires\u2009? Ou n\u2019existent-ils pas\u2009?<\/p>\n\n\n\n<p>Que penser d\u2019une soci\u00e9t\u00e9 qui encense l\u2019accumulation de richesse pour une \u00e9lite, le para\u00eetre plut\u00f4t que l\u2019\u00eatre et ne r\u00e9fl\u00e9chit que sur un plan d\u2019addition\u2009?<\/p>\n\n\n\n<blockquote class=\"wp-block-quote has-small-font-size is-layout-flow wp-block-quote-is-layout-flow\" style=\"font-style:normal;font-weight:400\">\n<p class=\"has-small-font-size\">Le m\u00e9decin-\u00e9crivain Paul Brand a \u00e9crit que le premier signe de civilisation dans une culture n\u2019\u00e9tait pas les hame\u00e7ons, les casseroles en terre cuite ou les moulins en <a href=\"https:\/\/agb83-photo.com\/blog\/2024\/05\/10\/nan-les-forcats-de-la-riviere\/\">pierre<\/a>, mais un f\u00e9mur cass\u00e9 puis gu\u00e9ri.<\/p>\n\n\n\n<p class=\"has-small-font-size\">Ce fait anecdotique semble si anodin aujourd\u2019hui, en effet, dans le r\u00e8gne animal, si tu te brises la jambe, tu meurs, explique-t-il. Tu ne peux pas fuir le danger, ne peux pas aller \u00e0 la <a href=\"https:\/\/agb83-photo.com\/blog\/2024\/10\/17\/trek-en-tongs\/\">rivi\u00e8re<\/a> pour boire ou chercher de la nourriture.<\/p>\n\n\n\n<p class=\"has-small-font-size\">Cet os rompu, et r\u00e9tabli prouve que quelqu\u2019un a pris le temps d\u2019\u00eatre avec celui qui est tomb\u00e9, a band\u00e9 sa <a href=\"https:\/\/agb83-photo.com\/blog\/2024\/07\/05\/drame-sous-les-eaux\/\">blessure<\/a>, l\u2019a emmen\u00e9 dans un endroit s\u00fbr et l\u2019a aid\u00e9 \u00e0 se remettre.<br>\u00c9pauler quelqu\u2019un d\u2019autre dans les difficult\u00e9s est le point o\u00f9 la civilisation commence.<\/p>\n<cite>(<a href=\"https:\/\/www.geneve.ch\/fr\/themes\/culture\/bibliotheques\/interroge\/reponses\/est-origine-de-affirmation-selon-laquelle-le-premier-signe-de-civilisation-serait-un-femur-casse-puis-soigne\" data-type=\"link\" data-id=\"https:\/\/www.geneve.ch\/fr\/themes\/culture\/bibliotheques\/interroge\/reponses\/est-origine-de-affirmation-selon-laquelle-le-premier-signe-de-civilisation-serait-un-femur-casse-puis-soigne\" target=\"_blank\" rel=\"noreferrer noopener\">lire ce compl\u00e9ment d\u2019information<\/a>)<\/cite><\/blockquote>\n\n\n\n<p>Ce texte apocryphe n\u2019enl\u00e8ve rien \u00e0 la puissance de son message, quel que soit l\u2019auteur des lignes ci-dessus. L\u2019id\u00e9e, le geste, le symbole sont infiniment plus admirables qu\u2019une Rolex\u00ae. (\u00c0 propos, j\u2019ai r\u00e9cemment d\u00e9couvert que \u00ab\u2009Rolex\u2009\u00bb ne s\u2019\u00e9crit qu\u2019avec un seul \u00ab\u2009l\u2009\u00bb \u2014 une montre si co\u00fbteuse qui ne peut pas voler, c\u2019est le comble.<sup data-fn=\"02fe6627-ba54-491a-b553-bb1d9750a509\" class=\"fn\"><a id=\"02fe6627-ba54-491a-b553-bb1d9750a509-link\" href=\"#02fe6627-ba54-491a-b553-bb1d9750a509\">1<\/a><\/sup>)<\/p>\n\n\n\n<p>J\u2019aimerais que l\u2019on oublie le prix et qu\u2019on privil\u00e9gie la valeur\u2009; mon c\u00f4t\u00e9 utopiste sans doute.<br>Nos possessions les plus pr\u00e9cieuses, les plus on\u00e9reuses, peuvent perdre brutalement leur attrait. Cette r\u00e9alit\u00e9 nous confronte \u00e0 une v\u00e9rit\u00e9 \u00e9l\u00e9mentaire&nbsp;: rien n\u2019est constant dans notre monde, m\u00eame pas le plus inestimable.<\/p>\n\n\n\n<p>Cette r\u00e9flexion nous am\u00e8ne naturellement \u00e0 consid\u00e9rer un concept fondamental&nbsp;: l\u2019impermanence. Ce principe, central dans de nombreuses philosophies orientales, nous invite \u00e0 repenser notre relation avec le mat\u00e9riel et le transitoire.<\/p>\n\n\n\n<h4 class=\"wp-block-heading\" id=\"limpermanence\">L\u2019impermanence<\/h4>\n\n\n\n<p>Prenons l\u2019exemple de l\u2019eau pour essayer de comprendre. Elle adopte tous les aspects de r\u00e9cipient, sans jamais en conserver aucune, constamment en mouvement. Elle peut percer la roche sans rencontrer la moindre r\u00e9sistance. Elle est indispensable \u00e0 tous les \u00eatres vivants, sans rien exiger en \u00e9change.<\/p>\n\n\n\n<p>L\u2019admiration pour la richesse p\u00e9cuniaire est-elle une vision durable et suffisante de l\u2019existence\u2009?<\/p>\n\n\n\n<p>La fluctuation des biens mat\u00e9riels doit \u00eatre estim\u00e9e, on peut, sans conteste, les acqu\u00e9rir ou les perdre. Le bonheur et la satisfaction ne doivent pas d\u00e9pendre uniquement de l\u2019argent.<\/p>\n\n\n\n<p>La r\u00e9alit\u00e9 de l\u2019impermanence des avoirs nous pousse \u00e0 les consid\u00e9rer seulement comme un simple moyen de transaction. Ils nous permettent d\u2019acheter des produits qui nous procurent de l\u2019utilit\u00e9, de la nourriture, un abri et des v\u00eatements. Cependant, ils n\u2019ont en soi pas de dimension, il ne nous repr\u00e9sente pas.<\/p>\n\n\n\n<p>Notre perception \u00e9volue quand nous prenons conscience de ce ph\u00e9nom\u00e8ne. Nous ne visons plus un objectif \u00e0 atteindre, mais un outil pour contribuer \u00e0 une vie \u00e9panouissante.<\/p>\n\n\n\n<p>Cette notion fondamentale de l\u2019impermanence, qui r\u00e9git tout dans l\u2019univers, nous inclus. La constante transformation, tout change, rien n\u2019est d\u00e9finitif, tout est transitoire.<\/p>\n\n\n\n<p>La compr\u00e9hension de cette v\u00e9rit\u00e9 peut <a href=\"https:\/\/agb83-photo.com\/blog\/2024\/02\/09\/gps-dans-les-choux\/\">conduire<\/a> \u00e0 une vision plus profonde de notre existence et \u00e0 une plus grande libert\u00e9 int\u00e9rieure. Nous pouvons apprendre \u00e0 r\u00e9duire nos attachements aux biens mat\u00e9riels et aux ambitions de pouvoir, lorsque nous r\u00e9alisons que tout est en mouvement continuel, que les joies et les peines sont \u00e9ph\u00e9m\u00e8res. Cela peut nous amener \u00e0 acc\u00e9der \u00e0 un \u00e9tat de d\u00e9tachement.<\/p>\n\n\n\n<p>Si nous adh\u00e9rons \u00e0 l\u2019id\u00e9e que nous devons toujours poss\u00e9der le t\u00e9l\u00e9phone le plus r\u00e9cent et le plus performant, nous sommes vou\u00e9s \u00e0 une frustration constante. <br>Si nous acceptons l\u2019impermanence de la technologie, nous pouvons appr\u00e9cier notre appareil pour ce qu\u2019il est&nbsp;: un outil utile. <br>Cette acceptation nous lib\u00e8re du cycle sans fin de la consommation et nous permet de trouver une satisfaction plus durable dans l\u2019usage plut\u00f4t que dans la conqu\u00eate.<\/p>\n\n\n\n<h4 class=\"wp-block-heading\" id=\"comment-faire\">Comment faire\u2009?<\/h4>\n\n\n\n<p>La premi\u00e8re \u00e9tape consiste en une prise de conscience intellectuelle de ce concept&nbsp;: appr\u00e9hender que rien ne soit constant et que tout soit en perp\u00e9tuelle transformation.<\/p>\n\n\n\n<p>Une observation r\u00e9guli\u00e8re s\u2019impose, dans un deuxi\u00e8me temps, pour remarquer que les ph\u00e9nom\u00e8nes naturels, nos \u00e9motions, et notre propre corps, tous sont soumis \u00e0 l\u2019impermanence. C\u2019est un exercice d\u2019examen attentif et d\u2019adh\u00e9sion de ce changement incessant.<\/p>\n\n\n\n<p>Enfin, nourrir cette compr\u00e9hension autorise d\u2019accepter les mutations inh\u00e9rentes \u00e0 la vie et \u00e0 choisir de suivre le courant plut\u00f4t que de r\u00e9sister. Cette perspective permet d\u2019att\u00e9nuer la souffrance souvent engendr\u00e9e par l\u2019illusion de la permanence.<\/p>\n\n\n\n<h4 class=\"wp-block-heading\" id=\"cette-force\">Cette force<\/h4>\n\n\n\n<p>Nos imperfections et notre vuln\u00e9rabilit\u00e9 face \u00e0 l\u2019impermanence peuvent se transformer en force. <br>Si nous prenons conscience que nul n\u2019\u00e9chappe au changement, nous devenons plus humbles, plus compatissants, envers les autres comme envers nous-m\u00eames. Les \u00e9checs et les pertes se m\u00e9tamorphosent alors des sources d\u2019apprentissage, et nous permettent ainsi de grandir et de nous \u00e9lever en tant qu\u2019\u00eatres humains, sans \u00e9riger de superstructures.<\/p>\n\n\n\n<h4 class=\"wp-block-heading\" id=\"reflexion\">R\u00e9flexion<\/h4>\n\n\n\n<figure class=\"wp-block-image aligncenter size-large\"><img decoding=\"async\" src=\"https:\/\/agb83-photo.com\/blog\/wp-content\/uploads\/2023\/08\/IPH_5275_27-11-2022-700x467.jpg\" alt=\"\" class=\"wp-image-4580\" title=\"\"><figcaption class=\"wp-element-caption\">R\u00e9flexion au <a href=\"https:\/\/agb83-photo.com\/blog\/2024\/03\/08\/temple-aux-mille-bouteilles\/\">Wat<\/a> Ratchanatdaram Worawihan \u2014 Bangkok<\/figcaption><\/figure>\n\n\n\n<p>Que recherchons-nous vraiment lorsque nous admirons ces grandes architectures\u2009? <br>Est-ce la beaut\u00e9, le pouvoir, ou quelque chose de plus profond\u2009?<\/p>\n\n\n\n<p>Comment pouvons-nous cultiver, dans notre soci\u00e9t\u00e9, une appr\u00e9ciation pour ce qui est v\u00e9ritablement important, au-del\u00e0 des apparences et du mat\u00e9riel\u2009?<\/p>\n\n\n\n<p>En r\u00e9fl\u00e9chissant \u00e0 ces questions, peut-\u00eatre pourrons-nous, comme mon petit-fils Th\u00e9o, red\u00e9couvrir la valeur cach\u00e9e dans les choses simples de la vie, et trouver un sens plus intense de notre existence \u00e9ph\u00e9m\u00e8re.<\/p>\n\n\n\n\u00c0 l\u2019\u00e8re de l\u2019hyperconsommation, qu\u2019est-ce qui m\u00e9rite vraiment notre attention et notre admiration\u2009?\n\n\n\n<p id=\"deux\"><\/p>\n\n\n<div class=\"wp-block-post-author\"><div class=\"wp-block-post-author__avatar\"><img loading=\"lazy\" decoding=\"async\" src=\"https:\/\/secure.gravatar.com\/avatar\/ab8161592cf40992d9fb73f879067667dc8f9b12f51f1872a251aa80026026e1?s=48&#038;d=identicon&#038;r=g\" width=\"48\" height=\"48\" alt=\"Avatar\" class=\"avatar avatar-48 wp-user-avatar wp-user-avatar-48 photo avatar-default\" title=\"\"><\/div><div class=\"wp-block-post-author__content\"><p class=\"wp-block-post-author__name\">Alain<\/p><p class=\"wp-block-post-author__bio\">S\u00e9rendipit\u00e9\u00a0: on doit parfois se perdre pour trouver pour d\u00e9couvrir l\u2019inattendu\u2009! \r\nAlain, un explorateur des formes et des sens, qui m\u00eale po\u00e9sie et photographie pour imaginer des \u0153uvres qui parlent une langue universelle. Il tente, avec un profond respect et un \u0153il attentif aux d\u00e9tails, de r\u00e9v\u00e9ler ce qui, souvent, passe sous silence \u2013\u00a0les nuances, les paradoxes, les instants suspendus.\r\nIl s\u2019inspire, guid\u00e9 par une fascination pour les contrastes, le vide, le plein, les \u00e9l\u00e9ments naturels ou les interactions humaines. Il cherche \u00e0 transcender les fronti\u00e8res linguistiques et sociales. Ses cr\u00e9ations s\u2019ancrent dans la continuit\u00e9 de l\u2019impermanence. Une seule chose ne change jamais, tout change toujours.<\/p><\/div><\/div>\n\n<ol class=\"wp-block-footnotes\"><li id=\"02fe6627-ba54-491a-b553-bb1d9750a509\">Si vous n\u2019avez pas clair pour vous, <a href=\"https:\/\/youtu.be\/068G1r0hP28?si=jHxRc-12f_rP0iek\" data-type=\"link\" data-id=\"https:\/\/youtu.be\/068G1r0hP28?si=jHxRc-12f_rP0iek\" target=\"_blank\" rel=\"noopener\">un indice ici<\/a>. <a href=\"#02fe6627-ba54-491a-b553-bb1d9750a509-link\" aria-label=\"Aller \u00e0 la note de bas de page 1\">\u21a9\ufe0e<\/a><\/li><\/ol>","protected":false},"excerpt":{"rendered":"<p>Mon petit-fils Th\u00e9o, 8&nbsp;ans, ramasse une simple rondelle de fer rouill\u00e9e sur le chemin. Ses yeux brillent&nbsp;: quel magnifique tr\u00e9sor\u2009!Son enthousiasme m\u2019interpelle. [&hellip;]<\/p>\n","protected":false},"author":1,"featured_media":2303,"comment_status":"open","ping_status":"open","sticky":false,"template":"","format":"standard","meta":{"footnotes":"[{\"content\":\"Si vous n\u2019avez pas clair pour vous, <a href=\\\"https:\/\/youtu.be\/068G1r0hP28?si=jHxRc-12f_rP0iek\\\" data-type=\\\"link\\\" data-id=\\\"https:\/\/youtu.be\/068G1r0hP28?si=jHxRc-12f_rP0iek\\\">un indice ici<\/a>.\",\"id\":\"02fe6627-ba54-491a-b553-bb1d9750a509\"}]"},"categories":[16,62],"tags":[50,14,82],"class_list":["post-480","post","type-post","status-publish","format-standard","has-post-thumbnail","hentry","category-thailande-autrement","category-bouddhisme","tag-culture","tag-culture-thailandaise","tag-poesie"],"_links":{"self":[{"href":"https:\/\/agb83-photo.com\/blog\/wp-json\/wp\/v2\/posts\/480","targetHints":{"allow":["GET"]}}],"collection":[{"href":"https:\/\/agb83-photo.com\/blog\/wp-json\/wp\/v2\/posts"}],"about":[{"href":"https:\/\/agb83-photo.com\/blog\/wp-json\/wp\/v2\/types\/post"}],"author":[{"embeddable":true,"href":"https:\/\/agb83-photo.com\/blog\/wp-json\/wp\/v2\/users\/1"}],"replies":[{"embeddable":true,"href":"https:\/\/agb83-photo.com\/blog\/wp-json\/wp\/v2\/comments?post=480"}],"version-history":[{"count":101,"href":"https:\/\/agb83-photo.com\/blog\/wp-json\/wp\/v2\/posts\/480\/revisions"}],"predecessor-version":[{"id":2369,"href":"https:\/\/agb83-photo.com\/blog\/wp-json\/wp\/v2\/posts\/480\/revisions\/2369"}],"wp:featuredmedia":[{"embeddable":true,"href":"https:\/\/agb83-photo.com\/blog\/wp-json\/wp\/v2\/media\/2303"}],"wp:attachment":[{"href":"https:\/\/agb83-photo.com\/blog\/wp-json\/wp\/v2\/media?parent=480"}],"wp:term":[{"taxonomy":"category","embeddable":true,"href":"https:\/\/agb83-photo.com\/blog\/wp-json\/wp\/v2\/categories?post=480"},{"taxonomy":"post_tag","embeddable":true,"href":"https:\/\/agb83-photo.com\/blog\/wp-json\/wp\/v2\/tags?post=480"}],"curies":[{"name":"wp","href":"https:\/\/api.w.org\/{rel}","templated":true}]}}